{"id":8705,"date":"2026-08-30T23:55:40","date_gmt":"2026-08-30T21:55:40","guid":{"rendered":"https:\/\/cxfontecarmoa.com\/web\/?p=8705"},"modified":"2026-08-31T00:00:37","modified_gmt":"2026-08-30T22:00:37","slug":"bos-resultados-do-club-en-celanova-e-arteixo","status":"publish","type":"post","link":"https:\/\/cxfontecarmoa.com\/web\/bos-resultados-do-club-en-celanova-e-arteixo\/","title":{"rendered":"FABULOSOS RESULTADOS DO CLUB EN CELANOVA E ARTEIXO"},"content":{"rendered":"\n<figure class=\"wp-block-image size-large\"><img loading=\"lazy\" decoding=\"async\" width=\"1024\" height=\"768\" src=\"https:\/\/cxfontecarmoa.com\/web\/wp-content\/uploads\/2026\/08\/REPRESENTACION-1-1024x768.jpeg\" alt=\"\" class=\"wp-image-8719\" srcset=\"https:\/\/cxfontecarmoa.com\/web\/wp-content\/uploads\/2026\/08\/REPRESENTACION-1-1024x768.jpeg 1024w, https:\/\/cxfontecarmoa.com\/web\/wp-content\/uploads\/2026\/08\/REPRESENTACION-1-253x190.jpeg 253w, https:\/\/cxfontecarmoa.com\/web\/wp-content\/uploads\/2026\/08\/REPRESENTACION-1-768x576.jpeg 768w, https:\/\/cxfontecarmoa.com\/web\/wp-content\/uploads\/2026\/08\/REPRESENTACION-1-1536x1152.jpeg 1536w, https:\/\/cxfontecarmoa.com\/web\/wp-content\/uploads\/2026\/08\/REPRESENTACION-1.jpeg 1600w\" sizes=\"auto, (max-width: 1024px) 100vw, 1024px\" \/><\/figure>\n\n\n\n<p class=\"wp-block-paragraph\">A semana pasada xog\u00e1ronse moitos torneos en Galicia, como xa \u00e9 habitual. Para empezar, o venres celebrouse o V Nocturno Centro Comercial Arousa, no que houbo xogadores do club premiados na clasificaci\u00f3n xeral e en todos os tramos de idades. <\/p>\n\n\n\n<p class=\"wp-block-paragraph\">Ademais, tivemos unha boa representaci\u00f3n nos torneos xogados en Arteixo e Celanova. No primeiro xogouse IX Aberto Concello de Carballo Cl\u00e1sico, pertencente o Circuito Galego de Xadrez 2026. Nel estivemos representados por Luca Rey e seu pai Tony e os dous recibiron premio pola s\u00faa participaci\u00f3n. <\/p>\n\n\n\n<figure class=\"wp-block-gallery has-nested-images columns-default is-cropped wp-block-gallery-1 is-layout-flex wp-block-gallery-is-layout-flex\">\n<figure class=\"wp-block-image size-large\"><img loading=\"lazy\" decoding=\"async\" width=\"1024\" height=\"768\" data-id=\"8712\" src=\"https:\/\/cxfontecarmoa.com\/web\/wp-content\/uploads\/2026\/08\/luca-1-1024x768.jpeg\" alt=\"\" class=\"wp-image-8712\" srcset=\"https:\/\/cxfontecarmoa.com\/web\/wp-content\/uploads\/2026\/08\/luca-1-1024x768.jpeg 1024w, https:\/\/cxfontecarmoa.com\/web\/wp-content\/uploads\/2026\/08\/luca-1-253x190.jpeg 253w, https:\/\/cxfontecarmoa.com\/web\/wp-content\/uploads\/2026\/08\/luca-1-768x576.jpeg 768w, https:\/\/cxfontecarmoa.com\/web\/wp-content\/uploads\/2026\/08\/luca-1-1536x1152.jpeg 1536w, https:\/\/cxfontecarmoa.com\/web\/wp-content\/uploads\/2026\/08\/luca-1.jpeg 1600w\" sizes=\"auto, (max-width: 1024px) 100vw, 1024px\" \/><figcaption class=\"wp-element-caption\">Luca, quinto clasificado<\/figcaption><\/figure>\n\n\n\n<figure class=\"wp-block-image size-large\"><img loading=\"lazy\" decoding=\"async\" width=\"768\" height=\"1024\" data-id=\"8713\" src=\"https:\/\/cxfontecarmoa.com\/web\/wp-content\/uploads\/2026\/08\/Tony-1-768x1024.jpeg\" alt=\"\" class=\"wp-image-8713\" srcset=\"https:\/\/cxfontecarmoa.com\/web\/wp-content\/uploads\/2026\/08\/Tony-1-768x1024.jpeg 768w, https:\/\/cxfontecarmoa.com\/web\/wp-content\/uploads\/2026\/08\/Tony-1-143x190.jpeg 143w, https:\/\/cxfontecarmoa.com\/web\/wp-content\/uploads\/2026\/08\/Tony-1-1152x1536.jpeg 1152w, https:\/\/cxfontecarmoa.com\/web\/wp-content\/uploads\/2026\/08\/Tony-1.jpeg 1200w\" sizes=\"auto, (max-width: 768px) 100vw, 768px\" \/><figcaption class=\"wp-element-caption\">Tony, ga\u00f1ador da cesta de froita<\/figcaption><\/figure>\n<figcaption class=\"blocks-gallery-caption wp-element-caption\">IX Aberto Concello de Carballo Cl\u00e1sico<\/figcaption><\/figure>\n\n\n\n<p class=\"wp-block-paragraph\">Luca fixo un fant\u00e1stico quinto posto. Era o 8\u00ba no ranking inicial e conseguiu 6 puntos tras dous empates e tan s\u00f3 d\u00faas derrotas contra os dous GM do torneo. Foi o mellor xogador con 6 puntos e iso f\u00edxolle merecente dese quinto posto na xeral e subir 15 puntos de elo na lista de Setembro. Seu pai, Tony, tam\u00e9n xogou o torneo e ga\u00f1ou unha cesta que se sorteaba entre os participantes non premiados; para os que non adoitamos ga\u00f1ar trofeos case o gozamos m\u00e1is cos que suben \u00f3 podio. <\/p>\n\n\n\n<figure class=\"wp-block-image size-large\"><img loading=\"lazy\" decoding=\"async\" width=\"1024\" height=\"768\" src=\"https:\/\/cxfontecarmoa.com\/web\/wp-content\/uploads\/2026\/08\/podio-sub8-1024x768.jpeg\" alt=\"\" class=\"wp-image-8708\" srcset=\"https:\/\/cxfontecarmoa.com\/web\/wp-content\/uploads\/2026\/08\/podio-sub8-1024x768.jpeg 1024w, https:\/\/cxfontecarmoa.com\/web\/wp-content\/uploads\/2026\/08\/podio-sub8-253x190.jpeg 253w, https:\/\/cxfontecarmoa.com\/web\/wp-content\/uploads\/2026\/08\/podio-sub8-768x576.jpeg 768w, https:\/\/cxfontecarmoa.com\/web\/wp-content\/uploads\/2026\/08\/podio-sub8-1536x1152.jpeg 1536w, https:\/\/cxfontecarmoa.com\/web\/wp-content\/uploads\/2026\/08\/podio-sub8.jpeg 1600w\" sizes=\"auto, (max-width: 1024px) 100vw, 1024px\" \/><figcaption class=\"wp-element-caption\">Podio sub8<\/figcaption><\/figure>\n\n\n\n<p class=\"wp-block-paragraph\">Pola outra banda, o s\u00e1bado celebrouse o I Torneo Vila de Celanova, torneo incluido no Circuito Galego Promoci\u00f3n e no que participaron 5 xadrecistas do noso club. Na categor\u00eda sub8 foi o campi\u00f3n galego Asier Cores o noso representante e non defraudou, acabando invicto a competici\u00f3n e cedendo s\u00f3 unhas t\u00e1boas. Con 5&#8217;5 puntos de 6 trouxo o ouro para Vilagarc\u00eda. <\/p>\n\n\n\n<figure class=\"wp-block-image size-large\"><img loading=\"lazy\" decoding=\"async\" width=\"1024\" height=\"768\" src=\"https:\/\/cxfontecarmoa.com\/web\/wp-content\/uploads\/2026\/08\/podio-sub10-1024x768.jpeg\" alt=\"\" class=\"wp-image-8707\" srcset=\"https:\/\/cxfontecarmoa.com\/web\/wp-content\/uploads\/2026\/08\/podio-sub10-1024x768.jpeg 1024w, https:\/\/cxfontecarmoa.com\/web\/wp-content\/uploads\/2026\/08\/podio-sub10-253x190.jpeg 253w, https:\/\/cxfontecarmoa.com\/web\/wp-content\/uploads\/2026\/08\/podio-sub10-768x576.jpeg 768w, https:\/\/cxfontecarmoa.com\/web\/wp-content\/uploads\/2026\/08\/podio-sub10-1536x1152.jpeg 1536w, https:\/\/cxfontecarmoa.com\/web\/wp-content\/uploads\/2026\/08\/podio-sub10.jpeg 1600w\" sizes=\"auto, (max-width: 1024px) 100vw, 1024px\" \/><figcaption class=\"wp-element-caption\">Podio sub10<\/figcaption><\/figure>\n\n\n\n<p class=\"wp-block-paragraph\">Na categor\u00eda sub10 tivemos 3 representates. Alvaro Freijeiro foi o mellor deles, na quinta posici\u00f3n meteuse no podio dos trofeos. Con 4 puntos de 6, a perda da derradeira partida quitoulle de estar entre os tres primeiros. Os mesmos 4 puntos e en 6\u00aa posici\u00f3n quedou Sabela Cores. No seu caso foi ga\u00f1ar o 6\u00ba enfrontamento o que a aupou os postos de puntos do circuito. 3 puntos acadou Gael Alconada, quen tras un mal comezo recuperou facendo 3 dos \u00faltimos 4 puntos. A s\u00faa posici\u00f3n final foi a 15\u00aa.<\/p>\n\n\n\n<figure class=\"wp-block-image size-large\"><img loading=\"lazy\" decoding=\"async\" width=\"1024\" height=\"768\" src=\"https:\/\/cxfontecarmoa.com\/web\/wp-content\/uploads\/2026\/08\/podio-sub14-1024x768.jpeg\" alt=\"\" class=\"wp-image-8706\" srcset=\"https:\/\/cxfontecarmoa.com\/web\/wp-content\/uploads\/2026\/08\/podio-sub14-1024x768.jpeg 1024w, https:\/\/cxfontecarmoa.com\/web\/wp-content\/uploads\/2026\/08\/podio-sub14-253x190.jpeg 253w, https:\/\/cxfontecarmoa.com\/web\/wp-content\/uploads\/2026\/08\/podio-sub14-768x576.jpeg 768w, https:\/\/cxfontecarmoa.com\/web\/wp-content\/uploads\/2026\/08\/podio-sub14-1536x1152.jpeg 1536w, https:\/\/cxfontecarmoa.com\/web\/wp-content\/uploads\/2026\/08\/podio-sub14.jpeg 1600w\" sizes=\"auto, (max-width: 1024px) 100vw, 1024px\" \/><figcaption class=\"wp-element-caption\">Podio sub14<\/figcaption><\/figure>\n\n\n\n<p class=\"wp-block-paragraph\">A quinta representante do CX Fontecarmoa foi Aldara Cores na categor\u00eda sub14. Unhas t\u00e1boas na derradeira partida fronte \u00f3 subcampi\u00f3n lev\u00e1rona \u00f3 quinto posto da clasificaci\u00f3n, con 3&#8217;5 puntos, ga\u00f1ando as\u00ed un trofeo e 6 puntos do circuito. Con estes puntos poder\u00e1 subir hasta 15 postos na clasificaci\u00f3n provisional do circuito. <\/p>\n\n\n\n<p class=\"wp-block-paragraph\">En resumo, unha gran semana para os xogadores do club que nos fan sentir orgullosos e non queda m\u00e1is que dar unha c\u00e1lida felicitaci\u00f3n a todos eles. <\/p>\n\n\n\n<div class=\"wp-block-stackable-heading stk-block-heading stk-block-heading--v2 stk-block stk-df0c6a0\" id=\"strong-norabo-aa-strong\" data-block-id=\"df0c6a0\"><h2 class=\"stk-block-heading__text has-text-align-center\">\u00a1\u00a1\u00a1PARAB\u00c9NS!!!<\/h2><\/div>\n","protected":false},"excerpt":{"rendered":"<p>A semana pasada xog\u00e1ronse moitos torneos en Galicia, como xa \u00e9 habitual. Para empezar, o venres celebrouse o<\/p>\n","protected":false},"author":6,"featured_media":8719,"comment_status":"open","ping_status":"open","sticky":false,"template":"","format":"standard","meta":{"fifu_image_url":"","fifu_image_alt":"","footnotes":""},"categories":[20],"tags":[],"class_list":["post-8705","post","type-post","status-publish","format-standard","has-post-thumbnail","hentry","category-20"],"_links":{"self":[{"href":"https:\/\/cxfontecarmoa.com\/web\/wp-json\/wp\/v2\/posts\/8705","targetHints":{"allow":["GET"]}}],"collection":[{"href":"https:\/\/cxfontecarmoa.com\/web\/wp-json\/wp\/v2\/posts"}],"about":[{"href":"https:\/\/cxfontecarmoa.com\/web\/wp-json\/wp\/v2\/types\/post"}],"author":[{"embeddable":true,"href":"https:\/\/cxfontecarmoa.com\/web\/wp-json\/wp\/v2\/users\/6"}],"replies":[{"embeddable":true,"href":"https:\/\/cxfontecarmoa.com\/web\/wp-json\/wp\/v2\/comments?post=8705"}],"version-history":[{"count":4,"href":"https:\/\/cxfontecarmoa.com\/web\/wp-json\/wp\/v2\/posts\/8705\/revisions"}],"predecessor-version":[{"id":8720,"href":"https:\/\/cxfontecarmoa.com\/web\/wp-json\/wp\/v2\/posts\/8705\/revisions\/8720"}],"wp:featuredmedia":[{"embeddable":true,"href":"https:\/\/cxfontecarmoa.com\/web\/wp-json\/wp\/v2\/media\/8719"}],"wp:attachment":[{"href":"https:\/\/cxfontecarmoa.com\/web\/wp-json\/wp\/v2\/media?parent=8705"}],"wp:term":[{"taxonomy":"category","embeddable":true,"href":"https:\/\/cxfontecarmoa.com\/web\/wp-json\/wp\/v2\/categories?post=8705"},{"taxonomy":"post_tag","embeddable":true,"href":"https:\/\/cxfontecarmoa.com\/web\/wp-json\/wp\/v2\/tags?post=8705"}],"curies":[{"name":"wp","href":"https:\/\/api.w.org\/{rel}","templated":true}]}}